{"id":6917,"date":"2023-04-06T11:53:48","date_gmt":"2023-04-06T14:53:48","guid":{"rendered":"https:\/\/www.soluciomatica.com.br\/blog\/?p=6917"},"modified":"2023-04-06T11:53:48","modified_gmt":"2023-04-06T14:53:48","slug":"macbook-tem-queda-em-vendas-e-apple-reduz-producao-do-chip-m2","status":"publish","type":"post","link":"https:\/\/www.soluciomatica.com.br\/blog\/macbook-tem-queda-em-vendas-e-apple-reduz-producao-do-chip-m2\/","title":{"rendered":"MacBook tem queda em vendas e Apple reduz produ\u00e7\u00e3o do chip M2"},"content":{"rendered":"\n<p>A Apple pausou a produ\u00e7\u00e3o de seus chips M2 temporariamente devido \u00e0 baixa demanda por MacBooks, segundo reportagem do site The Elec repercutida pela m\u00eddia especializada nesta segunda-feira (3). A interrup\u00e7\u00e3o na produ\u00e7\u00e3o, de acordo com fontes pr\u00f3ximas \u00e0 cadeia de produ\u00e7\u00e3o da empresa, ocorreu entre janeiro e fevereiro de 2023, e ficou em 50% em mar\u00e7o, em rela\u00e7\u00e3o ao mesmo per\u00edodo do ano anterior. Durante os dois meses, a Apple reavaliou a demanda pelo novo processador, sucessor do M1.<\/p>\n<p>A pausa na produ\u00e7\u00e3o do chip ocorre em um momento em que a Samsung Display estaria se preparando para lan\u00e7ar uma nova tela OLED para o MacBook Air, o que representa um potencial divisor de \u00e1guas no mercado. A empresa n\u00e3o fez coment\u00e1rios oficiais sobre o relat\u00f3rio.<\/p>\n<p>De acordo com o\u00a0<em>The Elec<\/em>, fontes pr\u00f3ximas \u00e0 cadeia de produ\u00e7\u00e3o da ma\u00e7\u00e3 indicam que a empresa foi alertada sobre os tempos dif\u00edceis que estariam por vir para as vendas do Mac \u2014 principalmente se os ganhos do \u00faltimo trimestre de 2021 (US$ 10,85 bilh\u00f5es) forem comparados com o mesmo per\u00edodo de 2022 (US$ 7,74 bilh\u00f5es). Esta situa\u00e7\u00e3o levou a especula\u00e7\u00f5es sobre os planos futuros da empresa e se a Apple focaria em outras linhas de produtos.<\/p>\n<p>Lan\u00e7ado em 2022, o M2 deve oferecer, em um MacBook Air, uma melhora de 60% em termos de processamento gr\u00e1fico comparado ao modelo com o chip antigo, por exemplo. A pausa na produ\u00e7\u00e3o do processador pode ter impacto no cronograma de lan\u00e7amento de novos modelos de MacBook. No entanto, a Apple n\u00e3o fez nenhum comunicado oficial sobre o assunto. Muitos especialistas do setor observam de perto os pr\u00f3ximos passos da Apple em resposta \u00e0 desacelera\u00e7\u00e3o do mercado e como isso afetar\u00e1 o desempenho geral da empresa nos pr\u00f3ximos meses.<\/p>\n\n\n","protected":false},"excerpt":{"rendered":"<p>A Apple pausou a produ\u00e7\u00e3o de seus chips M2 temporariamente devido \u00e0 baixa demanda por MacBooks, segundo reportagem do site The Elec repercutida pela m\u00eddia especializada nesta segunda-feira (3). A interrup\u00e7\u00e3o na produ\u00e7\u00e3o, de acordo com fontes pr\u00f3ximas \u00e0 cadeia de produ\u00e7\u00e3o da empresa, ocorreu entre janeiro e fevereiro de 2023, e ficou em 50% &hellip;<\/p>\n","protected":false},"author":2,"featured_media":0,"comment_status":"open","ping_status":"open","sticky":false,"template":"","format":"standard","meta":{"footnotes":""},"categories":[3],"tags":[],"class_list":["post-6917","post","type-post","status-publish","format-standard","","category-apple"],"_links":{"self":[{"href":"https:\/\/www.soluciomatica.com.br\/blog\/wp-json\/wp\/v2\/posts\/6917","targetHints":{"allow":["GET"]}}],"collection":[{"href":"https:\/\/www.soluciomatica.com.br\/blog\/wp-json\/wp\/v2\/posts"}],"about":[{"href":"https:\/\/www.soluciomatica.com.br\/blog\/wp-json\/wp\/v2\/types\/post"}],"author":[{"embeddable":true,"href":"https:\/\/www.soluciomatica.com.br\/blog\/wp-json\/wp\/v2\/users\/2"}],"replies":[{"embeddable":true,"href":"https:\/\/www.soluciomatica.com.br\/blog\/wp-json\/wp\/v2\/comments?post=6917"}],"version-history":[{"count":1,"href":"https:\/\/www.soluciomatica.com.br\/blog\/wp-json\/wp\/v2\/posts\/6917\/revisions"}],"predecessor-version":[{"id":6918,"href":"https:\/\/www.soluciomatica.com.br\/blog\/wp-json\/wp\/v2\/posts\/6917\/revisions\/6918"}],"wp:attachment":[{"href":"https:\/\/www.soluciomatica.com.br\/blog\/wp-json\/wp\/v2\/media?parent=6917"}],"wp:term":[{"taxonomy":"category","embeddable":true,"href":"https:\/\/www.soluciomatica.com.br\/blog\/wp-json\/wp\/v2\/categories?post=6917"},{"taxonomy":"post_tag","embeddable":true,"href":"https:\/\/www.soluciomatica.com.br\/blog\/wp-json\/wp\/v2\/tags?post=6917"}],"curies":[{"name":"wp","href":"https:\/\/api.w.org\/{rel}","templated":true}]}}