{"id":6049,"date":"2020-01-15T14:24:44","date_gmt":"2020-01-15T17:24:44","guid":{"rendered":"https:\/\/www.soluciomatica.com.br\/blog\/?p=6049"},"modified":"2020-01-15T14:24:45","modified_gmt":"2020-01-15T17:24:45","slug":"apple-deve-lancar-macbook-pro-de-13-polegadas-ja-em-2020-diz-site","status":"publish","type":"post","link":"https:\/\/www.soluciomatica.com.br\/blog\/apple-deve-lancar-macbook-pro-de-13-polegadas-ja-em-2020-diz-site\/","title":{"rendered":"Apple deve lan\u00e7ar MacBook Pro de 13 polegadas j\u00e1 em 2020, diz site"},"content":{"rendered":"\n<p>A Apple pode estar preparando um novo MacBook Pro de 13 polegadas equipado com o Magic Keyboard. O teclado \u00e9 o mesmo modelo usado no MacBook Pro de 16 polegadas, lan\u00e7ado em 2019. O portal especializado 9to5Mac teve acesso a um registro de um notebook misterioso da ma\u00e7\u00e3 na Comiss\u00e3o Econ\u00f4mica da Eur\u00e1sia, entidade que aprova produtos que ser\u00e3o comercializados em alguns pa\u00edses que fazem parte do Leste Europeu. O suposto documento menciona um \u201ccomputador port\u00e1til pessoal\u201d com c\u00f3digo de modelo A2289. Ainda de acordo com o rumor revelado pelo 9to5Mac, o novo MacBook Pro de 13 polegadas suportaria o macOS 10.15 (Catalina).<\/p>\n<p>Normalmente, um documento como este \u00e9 emitido quando um determinado eletr\u00f4nico est\u00e1 pr\u00f3ximo de ser lan\u00e7ado nos pa\u00edses que comp\u00f5em a Comiss\u00e3o: Arm\u00eania, Bielorr\u00fassia, Cazaquist\u00e3o, Quirguist\u00e3o e R\u00fassia. Veja, abaixo, detalhes do suposto novo MacBook que deve ser lan\u00e7ado em breve pela Apple.<\/p>\n<p>Segundo o documento revelado pelo 9to5Mac, o c\u00f3digo do modelo indica que n\u00e3o se trata de um produto que a Apple j\u00e1 vende em outro pa\u00eds. O MacBook Pro de 16 polegadas, por exemplo, tem c\u00f3digo A2141. Levando em considera\u00e7\u00e3o o esquema de numera\u00e7\u00e3o utilizado pela empresa, \u00e9 prov\u00e1vel que seja um modelo novo.<\/p>\n<p>Um poss\u00edvel MacBook Pro de 13\u201d com teclado renovado ganha for\u00e7a ao serem levadas em conta tamb\u00e9m as previs\u00f5es do analista Ming-Chi Kuo. Segundo o profissional especializado na cadeia produtiva da Apple, a empresa estaria planejando utilizar o novo mecanismo de teclas nos notebooks lan\u00e7ados em 2020. \u00c9 poss\u00edvel tamb\u00e9m que, assim como o modelo de 15\u201d cresceu para 16\u201d, o sucessor da vers\u00e3o de 13 polegadas tenha bordas menores e display de 14\u201d.<\/p>\n<p>A principal mudan\u00e7a no teclado \u00e9 o abandono do mecanismo de borboleta, muito criticado por usu\u00e1rios do computador por conta de seguidos defeitos. A Apple chegou a fazer programas de recall para consertar o componente em meio a uma chuva de reclama\u00e7\u00f5es e at\u00e9 uma a\u00e7\u00e3o coletiva ingressada por consumidores na justi\u00e7a dos EUA.<\/p>\n<p>Reguladores europeus teriam recebido a solicita\u00e7\u00e3o de registro do suposto lan\u00e7amento da Apple antes do Natal de 2019. O prazo seria suficiente para ter o com\u00e9rcio do produto liberado a tempo de ser apresentado na WWDC, evento da empresa para desenvolvedores realizado anualmente em junho.<\/p>\n<p>O MacBook de 16&#8243;, \u00fanico atualmente com o Magic Keyboard, chegou ao Brasil no in\u00edcio de janeiro com pre\u00e7o que chega a R$ 52 mil com todos os opcionais mais potentes.<\/p>\n<p>\u00a0<\/p>\n","protected":false},"excerpt":{"rendered":"<p>A Apple pode estar preparando um novo MacBook Pro de 13 polegadas equipado com o Magic Keyboard. O teclado \u00e9 o mesmo modelo usado no MacBook Pro de 16 polegadas, lan\u00e7ado em 2019. O portal especializado 9to5Mac teve acesso a um registro de um notebook misterioso da ma\u00e7\u00e3 na Comiss\u00e3o Econ\u00f4mica da Eur\u00e1sia, entidade que &hellip;<\/p>\n","protected":false},"author":2,"featured_media":0,"comment_status":"open","ping_status":"open","sticky":false,"template":"","format":"standard","meta":{"footnotes":""},"categories":[2],"tags":[],"class_list":["post-6049","post","type-post","status-publish","format-standard","","category-notebook"],"_links":{"self":[{"href":"https:\/\/www.soluciomatica.com.br\/blog\/wp-json\/wp\/v2\/posts\/6049","targetHints":{"allow":["GET"]}}],"collection":[{"href":"https:\/\/www.soluciomatica.com.br\/blog\/wp-json\/wp\/v2\/posts"}],"about":[{"href":"https:\/\/www.soluciomatica.com.br\/blog\/wp-json\/wp\/v2\/types\/post"}],"author":[{"embeddable":true,"href":"https:\/\/www.soluciomatica.com.br\/blog\/wp-json\/wp\/v2\/users\/2"}],"replies":[{"embeddable":true,"href":"https:\/\/www.soluciomatica.com.br\/blog\/wp-json\/wp\/v2\/comments?post=6049"}],"version-history":[{"count":1,"href":"https:\/\/www.soluciomatica.com.br\/blog\/wp-json\/wp\/v2\/posts\/6049\/revisions"}],"predecessor-version":[{"id":6050,"href":"https:\/\/www.soluciomatica.com.br\/blog\/wp-json\/wp\/v2\/posts\/6049\/revisions\/6050"}],"wp:attachment":[{"href":"https:\/\/www.soluciomatica.com.br\/blog\/wp-json\/wp\/v2\/media?parent=6049"}],"wp:term":[{"taxonomy":"category","embeddable":true,"href":"https:\/\/www.soluciomatica.com.br\/blog\/wp-json\/wp\/v2\/categories?post=6049"},{"taxonomy":"post_tag","embeddable":true,"href":"https:\/\/www.soluciomatica.com.br\/blog\/wp-json\/wp\/v2\/tags?post=6049"}],"curies":[{"name":"wp","href":"https:\/\/api.w.org\/{rel}","templated":true}]}}