{"id":5621,"date":"2019-01-23T16:35:40","date_gmt":"2019-01-23T18:35:40","guid":{"rendered":"https:\/\/www.soluciomatica.com.br\/blog\/?p=5621"},"modified":"2019-01-23T16:46:41","modified_gmt":"2019-01-23T18:46:41","slug":"macbook-pro-usuarios-reclamam-de-defeito-na-tela-do-notebook-da-apple","status":"publish","type":"post","link":"https:\/\/www.soluciomatica.com.br\/blog\/macbook-pro-usuarios-reclamam-de-defeito-na-tela-do-notebook-da-apple\/","title":{"rendered":"MacBook Pro: usu\u00e1rios reclamam de defeito na tela do notebook da Apple"},"content":{"rendered":"<p>Os MacBooks Pro lan\u00e7ados a partir de 2016 estariam apresentando problemas na tela, de acordo com relatos de usu\u00e1rios na Internet. O defeito, diagnosticado pelo site iFixit como algo relacionado ao cabo que conecta o display ao notebook da Apple, torna a luz de fundo (backlight) desigual. Em alguns casos mais extremos, o funcionamento do componente tamb\u00e9m \u00e9 interrompido, inutilizando a tela de vez.<\/p>\n<p>LEIA: Novo MacBook chega ao Brasil com pre\u00e7o de carro<\/p>\n<p>Ainda de acordo com o site de reparos, o problema n\u00e3o \u00e9 de f\u00e1cil solu\u00e7\u00e3o e exige a troca de todo o display, e n\u00e3o apenas do cabo. Portanto, um conserto que a princ\u00edpio custaria cerca de US$ 6, algo em torno de R$ 23 em convers\u00e3o direta, pode chegar a at\u00e9 US$ 600, aproximadamente R$ 2.250 na cota\u00e7\u00e3o atual.<\/p>\n<p>O iFixit explica que o problema est\u00e1 na forma como a conex\u00e3o entre tela e notebook \u00e9 estabelecida. O design atual da Apple, que usa cabos menos robustos, exp\u00f5e essas conex\u00f5es a um estresse continuo toda vez que a tela \u00e9 aberta e fechada. O desgaste se manifesta primeiro causando perda localizada da intensidade do backlight, como mostra a foto. Com o tempo, o cabo pode falhar completamente, eliminando a luz de fundo da tela e tornando o display inutiliz\u00e1vel.<\/p>\n<p>O diagn\u00f3stico do problema vem ainda com uma observa\u00e7\u00e3o a respeito do design dos MacBook Pro atuais. Em um esfor\u00e7o para diminuir a espessura do conjunto, o iFixit acredita que a Apple escolheu um design que torna o cabo parte da tela. Por conta disso, trocar o cabo com defeito, algo que seria mais simples e barato, torna-se imposs\u00edvel.<\/p>\n<p>&nbsp;<\/p>\n<p>O problema vem sendo chamado de \u201cFlexGate\u201d no exterior, em alus\u00e3o ao cabo flex\u00edvel, e n\u00e3o \u00e9 o primeiro a acontecer em um computador da fabricante. A primeira gera\u00e7\u00e3o dos notebooks profissionais da Apple contava com um teclado que era sujeito a falhas caso part\u00edculas de poeira se infiltrassem por baixo das teclas. A quest\u00e3o foi resolvida na segunda vers\u00e3o dos MacBooks Pro, com a inclus\u00e3o de uma membrana que previne esse tipo de situa\u00e7\u00e3o.<\/p>\n","protected":false},"excerpt":{"rendered":"<p>Os MacBooks Pro lan\u00e7ados a partir de 2016 estariam apresentando problemas na tela, de acordo com relatos de usu\u00e1rios na Internet. O defeito, diagnosticado pelo site iFixit como algo relacionado ao cabo que conecta o display ao notebook da Apple, torna a luz de fundo (backlight) desigual. Em alguns casos mais extremos, o funcionamento do &hellip;<\/p>\n","protected":false},"author":2,"featured_media":0,"comment_status":"open","ping_status":"open","sticky":false,"template":"","format":"standard","meta":{"footnotes":""},"categories":[2],"tags":[],"class_list":["post-5621","post","type-post","status-publish","format-standard","","category-notebook"],"_links":{"self":[{"href":"https:\/\/www.soluciomatica.com.br\/blog\/wp-json\/wp\/v2\/posts\/5621","targetHints":{"allow":["GET"]}}],"collection":[{"href":"https:\/\/www.soluciomatica.com.br\/blog\/wp-json\/wp\/v2\/posts"}],"about":[{"href":"https:\/\/www.soluciomatica.com.br\/blog\/wp-json\/wp\/v2\/types\/post"}],"author":[{"embeddable":true,"href":"https:\/\/www.soluciomatica.com.br\/blog\/wp-json\/wp\/v2\/users\/2"}],"replies":[{"embeddable":true,"href":"https:\/\/www.soluciomatica.com.br\/blog\/wp-json\/wp\/v2\/comments?post=5621"}],"version-history":[{"count":1,"href":"https:\/\/www.soluciomatica.com.br\/blog\/wp-json\/wp\/v2\/posts\/5621\/revisions"}],"predecessor-version":[{"id":5622,"href":"https:\/\/www.soluciomatica.com.br\/blog\/wp-json\/wp\/v2\/posts\/5621\/revisions\/5622"}],"wp:attachment":[{"href":"https:\/\/www.soluciomatica.com.br\/blog\/wp-json\/wp\/v2\/media?parent=5621"}],"wp:term":[{"taxonomy":"category","embeddable":true,"href":"https:\/\/www.soluciomatica.com.br\/blog\/wp-json\/wp\/v2\/categories?post=5621"},{"taxonomy":"post_tag","embeddable":true,"href":"https:\/\/www.soluciomatica.com.br\/blog\/wp-json\/wp\/v2\/tags?post=5621"}],"curies":[{"name":"wp","href":"https:\/\/api.w.org\/{rel}","templated":true}]}}