{"id":5499,"date":"2018-09-13T11:30:25","date_gmt":"2018-09-13T14:30:25","guid":{"rendered":"https:\/\/www.soluciomatica.com.br\/blog\/?p=5499"},"modified":"2018-09-13T11:30:25","modified_gmt":"2018-09-13T14:30:25","slug":"macbook-air-e-mac-mini-2018-veja-expectativas-dos-lancamentos-da-apple","status":"publish","type":"post","link":"https:\/\/www.soluciomatica.com.br\/blog\/macbook-air-e-mac-mini-2018-veja-expectativas-dos-lancamentos-da-apple\/","title":{"rendered":"MacBook Air e Mac Mini 2018: veja expectativas dos lan\u00e7amentos da Apple"},"content":{"rendered":"<p>A Apple deve anunciar os MacBook Air e Mac Mini 2018 durante evento realizado amanh\u00e3 (12), em Cupertino, na Calif\u00f3rnia. Embora a aten\u00e7\u00e3o esteja voltada para a nova gera\u00e7\u00e3o do iPhone X, e outros poss\u00edveis modelos do smartphone da marca, os rumores tamb\u00e9m apontam o lan\u00e7amento dessas duas fam\u00edlias de computadores. Segundo analistas, a fabricante pode lan\u00e7ar notebooks com pre\u00e7os mais baixos.<\/p>\n<p>Confira a seguir o que se pode esperar com rela\u00e7\u00e3o \u00e0s especifica\u00e7\u00f5es dos novos MacBooks e Mac Mini, com base em fontes ouvidas pelo jornal taiwan\u00eas Digitimes. Vale ressaltar que a Apple ainda n\u00e3o se pronunciou sobre o tema.<\/p>\n<p>Novo MacBook<br \/>\nV\u00e1rias firmas de an\u00e1lise econ\u00f4mica afirmam que s\u00e3o grandes as chances de a Apple apresentar um novo MacBook em 2018. No entanto, ainda h\u00e1 d\u00favida sobre a manuten\u00e7\u00e3o ou n\u00e3o da marca \u201cAir\u201d. Segundo a TrendForce, a Apple pode anunciar uma vers\u00e3o remodelada do antigo notebook sem mudar o nome.<\/p>\n<p>J\u00e1 o analista Ming-Chi Kuo, famoso por acertar previs\u00f5es de produtos da Ma\u00e7\u00e3, acredita que a empresa ir\u00e1 abandonar a nomenclatura e aprofundar as mudan\u00e7as. Al\u00e9m disso, a Quanta, uma das fornecedoras da fabricante, menciona a possibilidade de um modelo mais barato.<\/p>\n<p>O consenso, portanto, \u00e9 de que eventualmente um novo MacBook seja lan\u00e7ado, com pre\u00e7o mais baixo em compara\u00e7\u00e3o aos modelos vendidos at\u00e9 ent\u00e3o. Uma consequ\u00eancia seria a falta de um display Retina na m\u00e1quina, que pode aparecer com tela de 2.560 x 1.600 pixels de resolu\u00e7\u00e3o, fabricada pela LG.<\/p>\n<p>Por outro lado, espera-se que o dispositivo tenha uma novidade at\u00e9 ent\u00e3o reservada apenas para o MacBook Pro: a presen\u00e7a do Touch ID para desbloqueio biom\u00e9trico e autentica\u00e7\u00e3o de compras. O computador, no entanto, n\u00e3o deve trazer Touch Bar.<\/p>\n<p>Novo Mac Mini<\/p>\n<p><img decoding=\"async\" src=\"https:\/\/s2.glbimg.com\/IuZzqS1883UbaJI6DF4axWf3_TE=\/0x0:695x487\/984x0\/smart\/filters:strip_icc()\/s.glbimg.com\/po\/tt2\/f\/original\/2016\/11\/29\/mac-mini.png\" alt=\"Mac Mini pode ganhar atualiza\u00c3\u00a7\u00c3\u00a3o depois de quatro anos \u00e2\u0080\u0094 Foto: Divulga\u00c3\u00a7\u00c3\u00a3o\/Apple\" \/><\/p>\n<p>O desktop Mac Mini tamb\u00e9m pode ganhar uma vers\u00e3o remodelada em setembro. Segundo reportagem da Bloomberg, a Apple est\u00e1 preparando um upgrade de especifica\u00e7\u00f5es para o modelo, que continuar\u00e1 voltado ao mercado profissional. Ap\u00f3s quatro anos sem novidades, pode ser que o computador tenha seu processador atualizado, al\u00e9m de ganhar mais op\u00e7\u00f5es de armazenamento.<\/p>\n<p>Este poder\u00e1 ser outro lan\u00e7amento voltado para o mercado intermedi\u00e1rio, com pre\u00e7o menor do que os demais produtos da marca. O modelo atual do Mac Mini \u00e9 comercializado por a partir de R$ 3.900, valor inferior aos R$ 23.500 cobrados pelo tamb\u00e9m desktop Mac Pro.<\/p>\n<p>&nbsp;<\/p>\n","protected":false},"excerpt":{"rendered":"<p>A Apple deve anunciar os MacBook Air e Mac Mini 2018 durante evento realizado amanh\u00e3 (12), em Cupertino, na Calif\u00f3rnia. Embora a aten\u00e7\u00e3o esteja voltada para a nova gera\u00e7\u00e3o do iPhone X, e outros poss\u00edveis modelos do smartphone da marca, os rumores tamb\u00e9m apontam o lan\u00e7amento dessas duas fam\u00edlias de computadores. Segundo analistas, a fabricante &hellip;<\/p>\n","protected":false},"author":2,"featured_media":0,"comment_status":"open","ping_status":"open","sticky":false,"template":"","format":"standard","meta":{"footnotes":""},"categories":[2],"tags":[],"class_list":["post-5499","post","type-post","status-publish","format-standard","","category-notebook"],"_links":{"self":[{"href":"https:\/\/www.soluciomatica.com.br\/blog\/wp-json\/wp\/v2\/posts\/5499","targetHints":{"allow":["GET"]}}],"collection":[{"href":"https:\/\/www.soluciomatica.com.br\/blog\/wp-json\/wp\/v2\/posts"}],"about":[{"href":"https:\/\/www.soluciomatica.com.br\/blog\/wp-json\/wp\/v2\/types\/post"}],"author":[{"embeddable":true,"href":"https:\/\/www.soluciomatica.com.br\/blog\/wp-json\/wp\/v2\/users\/2"}],"replies":[{"embeddable":true,"href":"https:\/\/www.soluciomatica.com.br\/blog\/wp-json\/wp\/v2\/comments?post=5499"}],"version-history":[{"count":2,"href":"https:\/\/www.soluciomatica.com.br\/blog\/wp-json\/wp\/v2\/posts\/5499\/revisions"}],"predecessor-version":[{"id":5501,"href":"https:\/\/www.soluciomatica.com.br\/blog\/wp-json\/wp\/v2\/posts\/5499\/revisions\/5501"}],"wp:attachment":[{"href":"https:\/\/www.soluciomatica.com.br\/blog\/wp-json\/wp\/v2\/media?parent=5499"}],"wp:term":[{"taxonomy":"category","embeddable":true,"href":"https:\/\/www.soluciomatica.com.br\/blog\/wp-json\/wp\/v2\/categories?post=5499"},{"taxonomy":"post_tag","embeddable":true,"href":"https:\/\/www.soluciomatica.com.br\/blog\/wp-json\/wp\/v2\/tags?post=5499"}],"curies":[{"name":"wp","href":"https:\/\/api.w.org\/{rel}","templated":true}]}}